{"id":1228,"date":"2013-01-11T21:12:11","date_gmt":"2013-01-11T20:12:11","guid":{"rendered":"http:\/\/www.fws-seth.de\/?p=1228"},"modified":"2013-01-12T12:13:19","modified_gmt":"2013-01-12T11:13:19","slug":"rucktritt-des-burgermeister-von-seth","status":"publish","type":"post","link":"https:\/\/www.fws-seth.de\/?p=1228","title":{"rendered":"R\u00fccktritt des B\u00fcrgermeister von Seth"},"content":{"rendered":"<p>Am 11.1.2013 hat S\u00f6nke K\u00f6neking \u00f6ffentlich bekannt gegeben von allen seinen \u00c4mtern in der Gemeinde Seth zur\u00fcck zu treten.<\/p>\n<p>F\u00fcr die Fraktion der FWS ist seine Entscheidung nachzuvollziehen, da er in der Vergangenheit keine Unterst\u00fctzung aus den eigenen Reihen erfahren hat.<\/p>\n<p>Die Amtsgesch\u00e4fte werden bis auf weiteres vom ersten stellvertretenden B\u00fcrgermeister Arno Nolte gef\u00fchrt.<\/p>\n<p>FWS Fraktion<\/p>\n","protected":false},"excerpt":{"rendered":"<p>Am 11.1.2013 hat S\u00f6nke K\u00f6neking \u00f6ffentlich bekannt gegeben von allen seinen \u00c4mtern in der Gemeinde Seth zur\u00fcck zu treten. F\u00fcr die Fraktion der FWS ist seine Entscheidung nachzuvollziehen, da er in der Vergangenheit keine Unterst\u00fctzung aus den eigenen Reihen erfahren hat. Die Amtsgesch\u00e4fte werden bis auf weiteres vom ersten stellvertretenden B\u00fcrgermeister Arno Nolte gef\u00fchrt. FWS [&hellip;]<\/p>\n","protected":false},"author":67,"featured_media":0,"comment_status":"open","ping_status":"open","sticky":false,"template":"","format":"standard","meta":{"footnotes":""},"categories":[3,5],"tags":[112],"class_list":["post-1228","post","type-post","status-publish","format-standard","hentry","category-fws","category-gemeindevertretungseth","tag-sonke-koneking"],"_links":{"self":[{"href":"https:\/\/www.fws-seth.de\/index.php?rest_route=\/wp\/v2\/posts\/1228","targetHints":{"allow":["GET"]}}],"collection":[{"href":"https:\/\/www.fws-seth.de\/index.php?rest_route=\/wp\/v2\/posts"}],"about":[{"href":"https:\/\/www.fws-seth.de\/index.php?rest_route=\/wp\/v2\/types\/post"}],"author":[{"embeddable":true,"href":"https:\/\/www.fws-seth.de\/index.php?rest_route=\/wp\/v2\/users\/67"}],"replies":[{"embeddable":true,"href":"https:\/\/www.fws-seth.de\/index.php?rest_route=%2Fwp%2Fv2%2Fcomments&post=1228"}],"version-history":[{"count":2,"href":"https:\/\/www.fws-seth.de\/index.php?rest_route=\/wp\/v2\/posts\/1228\/revisions"}],"predecessor-version":[{"id":1244,"href":"https:\/\/www.fws-seth.de\/index.php?rest_route=\/wp\/v2\/posts\/1228\/revisions\/1244"}],"wp:attachment":[{"href":"https:\/\/www.fws-seth.de\/index.php?rest_route=%2Fwp%2Fv2%2Fmedia&parent=1228"}],"wp:term":[{"taxonomy":"category","embeddable":true,"href":"https:\/\/www.fws-seth.de\/index.php?rest_route=%2Fwp%2Fv2%2Fcategories&post=1228"},{"taxonomy":"post_tag","embeddable":true,"href":"https:\/\/www.fws-seth.de\/index.php?rest_route=%2Fwp%2Fv2%2Ftags&post=1228"}],"curies":[{"name":"wp","href":"https:\/\/api.w.org\/{rel}","templated":true}]}}