{"id":1425,"date":"2013-05-06T09:00:24","date_gmt":"2013-05-06T07:00:24","guid":{"rendered":"http:\/\/www.fws-seth.de\/?p=1425"},"modified":"2013-05-06T14:25:53","modified_gmt":"2013-05-06T12:25:53","slug":"herbert-maas","status":"publish","type":"post","link":"https:\/\/www.fws-seth.de\/?p=1425","title":{"rendered":"Herbert Maas"},"content":{"rendered":"<p><strong>Sehr geehrte Damen und Herren,<\/strong><\/p>\n<p>immer nur meckern bringt auf Dauer gar nichts. Wenn\u00a0man Ver\u00e4nderungen oder Verbesserungen w\u00fcnscht, sollte man mit arbeiten.\u00a0Dabei ist die Funktion zweitrangig.<\/p>\n<p>Ein besonderes Anliegen ist mir\u00a0die Hauptstra\u00dfe bzgl. L\u00e4rm, Geschwindigkeit, Sicherheit f\u00fcr Mensch und\u00a0Tier, und ein wenig h\u00fcbscher k\u00f6nnte es auch sein.<\/p>\n<p><span style=\"line-height: 1.7142; font-size: 1rem;\">Ich war Mitglied in der SPD und t\u00e4tig im Finanzausschuss der Gemeinde Seth.<\/span><\/p>\n<p><a href=\"https:\/\/www.fws-seth.de\/wp-content\/uploads\/2012\/06\/herbert_maas.jpg\"><img loading=\"lazy\" decoding=\"async\" class=\"alignnone size-medium wp-image-1280\" alt=\"Herbert Maas\" src=\"https:\/\/www.fws-seth.de\/wp-content\/uploads\/2012\/06\/herbert_maas-199x300.jpg\" width=\"199\" height=\"300\" srcset=\"https:\/\/www.fws-seth.de\/wp-content\/uploads\/2012\/06\/herbert_maas-199x300.jpg 199w, https:\/\/www.fws-seth.de\/wp-content\/uploads\/2012\/06\/herbert_maas.jpg 578w\" sizes=\"auto, (max-width: 199px) 100vw, 199px\" \/><\/a><\/p>\n<p>Geboren: 13.09.1949<\/p>\n<p>Familienstand: verheiratet<\/p>\n<p>Kinder: 2, 1 Enkelin<\/p>\n<p>Ich bin gelernter Industriekaufmann und Betriebswirt<\/p>\n<p>Seit 1967 im Versicherungswesen &#8211; Sachbearbeiter Organisation, Abteilungsleiter Aussendienstorganisation, Organisationsleiter, Direktionsbevollm\u00e4chtigter, Vertriebsleiter im Maklervertrieb und endlich Rentner<\/p>\n<p>1965 &#8211; 1967 Jugendvertreter Arbed Saarstahl<\/p>\n<p>70er Jahre Betriebsratsmitglied<\/p>\n<p>80er Jahre Vorsitzender Verein Borsteler Sportkegler, Vorsitzender des Elternbeirates Grundschule Seth<\/p>\n<p>90er Jahre WB im Finanzausschuss der Gemeinde Seth<\/p>\n<p><span style=\"line-height: 1.714285714; font-size: 1rem;\">Sport: Nordic Walking, Wandern und Schwimmen\u00a0<\/span><\/p>\n<p>Sie erreichen mich unter\u00a0maas@fws-seth.de<\/p>\n","protected":false},"excerpt":{"rendered":"<p>Sehr geehrte Damen und Herren, immer nur meckern bringt auf Dauer gar nichts. Wenn\u00a0man Ver\u00e4nderungen oder Verbesserungen w\u00fcnscht, sollte man mit arbeiten.\u00a0Dabei ist die Funktion zweitrangig. Ein besonderes Anliegen ist mir\u00a0die Hauptstra\u00dfe bzgl. L\u00e4rm, Geschwindigkeit, Sicherheit f\u00fcr Mensch und\u00a0Tier, und ein wenig h\u00fcbscher k\u00f6nnte es auch sein. Ich war Mitglied in der SPD und t\u00e4tig [&hellip;]<\/p>\n","protected":false},"author":67,"featured_media":0,"comment_status":"open","ping_status":"open","sticky":false,"template":"","format":"standard","meta":{"footnotes":""},"categories":[97],"tags":[134],"class_list":["post-1425","post","type-post","status-publish","format-standard","hentry","category-97","tag-team-fws"],"_links":{"self":[{"href":"https:\/\/www.fws-seth.de\/index.php?rest_route=\/wp\/v2\/posts\/1425","targetHints":{"allow":["GET"]}}],"collection":[{"href":"https:\/\/www.fws-seth.de\/index.php?rest_route=\/wp\/v2\/posts"}],"about":[{"href":"https:\/\/www.fws-seth.de\/index.php?rest_route=\/wp\/v2\/types\/post"}],"author":[{"embeddable":true,"href":"https:\/\/www.fws-seth.de\/index.php?rest_route=\/wp\/v2\/users\/67"}],"replies":[{"embeddable":true,"href":"https:\/\/www.fws-seth.de\/index.php?rest_route=%2Fwp%2Fv2%2Fcomments&post=1425"}],"version-history":[{"count":6,"href":"https:\/\/www.fws-seth.de\/index.php?rest_route=\/wp\/v2\/posts\/1425\/revisions"}],"predecessor-version":[{"id":2047,"href":"https:\/\/www.fws-seth.de\/index.php?rest_route=\/wp\/v2\/posts\/1425\/revisions\/2047"}],"wp:attachment":[{"href":"https:\/\/www.fws-seth.de\/index.php?rest_route=%2Fwp%2Fv2%2Fmedia&parent=1425"}],"wp:term":[{"taxonomy":"category","embeddable":true,"href":"https:\/\/www.fws-seth.de\/index.php?rest_route=%2Fwp%2Fv2%2Fcategories&post=1425"},{"taxonomy":"post_tag","embeddable":true,"href":"https:\/\/www.fws-seth.de\/index.php?rest_route=%2Fwp%2Fv2%2Ftags&post=1425"}],"curies":[{"name":"wp","href":"https:\/\/api.w.org\/{rel}","templated":true}]}}