{"id":3083,"date":"2016-10-14T07:55:07","date_gmt":"2016-10-14T05:55:07","guid":{"rendered":"http:\/\/www.fws-seth.de\/?p=3083"},"modified":"2016-10-14T07:55:07","modified_gmt":"2016-10-14T05:55:07","slug":"rolf-stoffers-zum-ehrenvorsitzenden-ernannt","status":"publish","type":"post","link":"https:\/\/www.fws-seth.de\/?p=3083","title":{"rendered":"Rolf Stoffers zum Ehrenvorsitzenden ernannt"},"content":{"rendered":"<p>&nbsp;<\/p>\n<p>Die FWS, hat auf ihrer Mitgliederversammlung am 13.10.2016 das Gr\u00fcndungsmitglied der FWS Rolf Stoffers geehrt f\u00fcr seine langj\u00e4hrige Mitarbeit und ihm zum Ehrenvorsitzenden der FWS ernannt.<\/p>\n<p>Der Vorsitzende Herbert Maas und der Fraktionsvorsitzende Gerrit Grupe \u00fcberreichten Rolf, die Ehrenurkunde und ein Pr\u00e4sent.<\/p>\n<p>Wir gratulieren Rolf ganz herzlich zur Ernennung und w\u00fcnschen ihm weiterhin gute Gesundheit und viel Spa\u00df in der FWS.<\/p>\n<p><a href=\"https:\/\/www.fws-seth.de\/?attachment_id=3084\" rel=\"attachment wp-att-3084\"><img loading=\"lazy\" decoding=\"async\" class=\"alignnone size-medium wp-image-3084\" src=\"https:\/\/www.fws-seth.de\/wp-content\/uploads\/2016\/10\/IMG_3763-300x225.jpg\" alt=\"img_3763\" width=\"300\" height=\"225\" srcset=\"https:\/\/www.fws-seth.de\/wp-content\/uploads\/2016\/10\/IMG_3763-300x225.jpg 300w, https:\/\/www.fws-seth.de\/wp-content\/uploads\/2016\/10\/IMG_3763-768x576.jpg 768w, https:\/\/www.fws-seth.de\/wp-content\/uploads\/2016\/10\/IMG_3763-1024x768.jpg 1024w, https:\/\/www.fws-seth.de\/wp-content\/uploads\/2016\/10\/IMG_3763-624x468.jpg 624w, https:\/\/www.fws-seth.de\/wp-content\/uploads\/2016\/10\/IMG_3763.jpg 2016w\" sizes=\"auto, (max-width: 300px) 100vw, 300px\" \/><\/a><\/p>\n<p>v.l. Vorsitzender Herbert Mass, Rolf Stoffers<\/p>\n<p><a href=\"https:\/\/www.fws-seth.de\/?attachment_id=3085\" rel=\"attachment wp-att-3085\"><img loading=\"lazy\" decoding=\"async\" class=\"alignnone size-medium wp-image-3085\" src=\"https:\/\/www.fws-seth.de\/wp-content\/uploads\/2016\/10\/IMG_3772-300x225.jpg\" alt=\"img_3772\" width=\"300\" height=\"225\" srcset=\"https:\/\/www.fws-seth.de\/wp-content\/uploads\/2016\/10\/IMG_3772-300x225.jpg 300w, https:\/\/www.fws-seth.de\/wp-content\/uploads\/2016\/10\/IMG_3772-768x576.jpg 768w, https:\/\/www.fws-seth.de\/wp-content\/uploads\/2016\/10\/IMG_3772-1024x768.jpg 1024w, https:\/\/www.fws-seth.de\/wp-content\/uploads\/2016\/10\/IMG_3772-624x468.jpg 624w, https:\/\/www.fws-seth.de\/wp-content\/uploads\/2016\/10\/IMG_3772.jpg 2016w\" sizes=\"auto, (max-width: 300px) 100vw, 300px\" \/><\/a><\/p>\n<p>v.l. Fraktionsvorsitzender Gerrit Grupe,\u00a0Vorsitzender Herbert Mass, Rolf Stoffers<\/p>\n","protected":false},"excerpt":{"rendered":"<p>&nbsp; Die FWS, hat auf ihrer Mitgliederversammlung am 13.10.2016 das Gr\u00fcndungsmitglied der FWS Rolf Stoffers geehrt f\u00fcr seine langj\u00e4hrige Mitarbeit und ihm zum Ehrenvorsitzenden der FWS ernannt. Der Vorsitzende Herbert Maas und der Fraktionsvorsitzende Gerrit Grupe \u00fcberreichten Rolf, die Ehrenurkunde und ein Pr\u00e4sent. Wir gratulieren Rolf ganz herzlich zur Ernennung und w\u00fcnschen ihm weiterhin gute [&hellip;]<\/p>\n","protected":false},"author":67,"featured_media":0,"comment_status":"open","ping_status":"open","sticky":false,"template":"","format":"standard","meta":{"footnotes":""},"categories":[1,3],"tags":[278,279],"class_list":["post-3083","post","type-post","status-publish","format-standard","hentry","category-allgemein","category-fws","tag-ehrenvorsitz","tag-rolf-stoffers"],"_links":{"self":[{"href":"https:\/\/www.fws-seth.de\/index.php?rest_route=\/wp\/v2\/posts\/3083","targetHints":{"allow":["GET"]}}],"collection":[{"href":"https:\/\/www.fws-seth.de\/index.php?rest_route=\/wp\/v2\/posts"}],"about":[{"href":"https:\/\/www.fws-seth.de\/index.php?rest_route=\/wp\/v2\/types\/post"}],"author":[{"embeddable":true,"href":"https:\/\/www.fws-seth.de\/index.php?rest_route=\/wp\/v2\/users\/67"}],"replies":[{"embeddable":true,"href":"https:\/\/www.fws-seth.de\/index.php?rest_route=%2Fwp%2Fv2%2Fcomments&post=3083"}],"version-history":[{"count":1,"href":"https:\/\/www.fws-seth.de\/index.php?rest_route=\/wp\/v2\/posts\/3083\/revisions"}],"predecessor-version":[{"id":3086,"href":"https:\/\/www.fws-seth.de\/index.php?rest_route=\/wp\/v2\/posts\/3083\/revisions\/3086"}],"wp:attachment":[{"href":"https:\/\/www.fws-seth.de\/index.php?rest_route=%2Fwp%2Fv2%2Fmedia&parent=3083"}],"wp:term":[{"taxonomy":"category","embeddable":true,"href":"https:\/\/www.fws-seth.de\/index.php?rest_route=%2Fwp%2Fv2%2Fcategories&post=3083"},{"taxonomy":"post_tag","embeddable":true,"href":"https:\/\/www.fws-seth.de\/index.php?rest_route=%2Fwp%2Fv2%2Ftags&post=3083"}],"curies":[{"name":"wp","href":"https:\/\/api.w.org\/{rel}","templated":true}]}}