{"id":3438,"date":"2018-03-05T22:40:50","date_gmt":"2018-03-05T21:40:50","guid":{"rendered":"http:\/\/www.fws-seth.de\/?p=3438"},"modified":"2018-03-05T22:41:32","modified_gmt":"2018-03-05T21:41:32","slug":"schoeffenwahl-2018","status":"publish","type":"post","link":"https:\/\/www.fws-seth.de\/?p=3438","title":{"rendered":"Sch\u00f6ffenwahl 2018"},"content":{"rendered":"<p><strong>Sch\u00f6ffenwahl 2018<\/strong><\/p>\n<p>Im ersten Halbjahr 2018 werden bundesweit die Sch\u00f6ffen und Jugendsch\u00f6ffen f\u00fcr die Amtszeit von 2019 bis 2023 gew\u00e4hlt.<\/p>\n<p>Wir halten die Informationen der B\u00fcrger in Seth zum Sch\u00f6ffen und dem Wahlprozedere gelinde gesagt f\u00fcr zu d\u00fcrftig und werden dies auf der n\u00e4chsten Amtsausschusssitzung vortragen.<\/p>\n<p>Interessierten empfehlen wir folgenden LINK:<\/p>\n<p><a href=\"https:\/\/www.schoeffenwahl.de\/\">https:\/\/www.schoeffenwahl.de\/<\/a><\/p>\n<p>Hier gibt es sehr gute Informationen bis hin zu Antragsformularen.<\/p>\n","protected":false},"excerpt":{"rendered":"<p>Sch\u00f6ffenwahl 2018 Im ersten Halbjahr 2018 werden bundesweit die Sch\u00f6ffen und Jugendsch\u00f6ffen f\u00fcr die Amtszeit von 2019 bis 2023 gew\u00e4hlt. Wir halten die Informationen der B\u00fcrger in Seth zum Sch\u00f6ffen und dem Wahlprozedere gelinde gesagt f\u00fcr zu d\u00fcrftig und werden dies auf der n\u00e4chsten Amtsausschusssitzung vortragen. Interessierten empfehlen wir folgenden LINK: https:\/\/www.schoeffenwahl.de\/ Hier gibt es [&hellip;]<\/p>\n","protected":false},"author":67,"featured_media":0,"comment_status":"open","ping_status":"open","sticky":false,"template":"","format":"standard","meta":{"footnotes":""},"categories":[1,3,4],"tags":[312,313],"class_list":["post-3438","post","type-post","status-publish","format-standard","hentry","category-allgemein","category-fws","category-seth","tag-schoeffen","tag-schoeffenwahl-2018"],"_links":{"self":[{"href":"https:\/\/www.fws-seth.de\/index.php?rest_route=\/wp\/v2\/posts\/3438","targetHints":{"allow":["GET"]}}],"collection":[{"href":"https:\/\/www.fws-seth.de\/index.php?rest_route=\/wp\/v2\/posts"}],"about":[{"href":"https:\/\/www.fws-seth.de\/index.php?rest_route=\/wp\/v2\/types\/post"}],"author":[{"embeddable":true,"href":"https:\/\/www.fws-seth.de\/index.php?rest_route=\/wp\/v2\/users\/67"}],"replies":[{"embeddable":true,"href":"https:\/\/www.fws-seth.de\/index.php?rest_route=%2Fwp%2Fv2%2Fcomments&post=3438"}],"version-history":[{"count":1,"href":"https:\/\/www.fws-seth.de\/index.php?rest_route=\/wp\/v2\/posts\/3438\/revisions"}],"predecessor-version":[{"id":3439,"href":"https:\/\/www.fws-seth.de\/index.php?rest_route=\/wp\/v2\/posts\/3438\/revisions\/3439"}],"wp:attachment":[{"href":"https:\/\/www.fws-seth.de\/index.php?rest_route=%2Fwp%2Fv2%2Fmedia&parent=3438"}],"wp:term":[{"taxonomy":"category","embeddable":true,"href":"https:\/\/www.fws-seth.de\/index.php?rest_route=%2Fwp%2Fv2%2Fcategories&post=3438"},{"taxonomy":"post_tag","embeddable":true,"href":"https:\/\/www.fws-seth.de\/index.php?rest_route=%2Fwp%2Fv2%2Ftags&post=3438"}],"curies":[{"name":"wp","href":"https:\/\/api.w.org\/{rel}","templated":true}]}}