{"id":3965,"date":"2019-08-31T00:20:15","date_gmt":"2019-08-30T22:20:15","guid":{"rendered":"http:\/\/www.fws-seth.de\/?p=3965"},"modified":"2019-08-31T00:20:15","modified_gmt":"2019-08-30T22:20:15","slug":"info-zur-sanierung-sperrung-b432","status":"publish","type":"post","link":"https:\/\/www.fws-seth.de\/?p=3965","title":{"rendered":"Info zur Sanierung \/ Sperrung B432"},"content":{"rendered":"<p><strong>Sanierung zwischen Leezen und Borstel<\/strong><\/p>\n<p>Der Landesbetrieb Stra\u00dfenbau und Verkehr Schleswig-Holstein (LBV.SH) saniert vom 2. bis voraussichtlich 25. September 2019 die schadhafte Fahrbahn der B 432 zwischen Leezen und Borstel. Das Gute f\u00fcr Radfahrer*innen: Der parallel verlaufende Radweg wird ebenfalls erneuert.<\/p>\n<p>Die Sanierung kann aus Gr\u00fcnden der Verkehrssicherheit, des Arbeitsschutzes und der Bauqualit\u00e4t nur unter Vollsperrung durchgef\u00fchrt werden und erfolgt in zwei Bauabschnitten.<\/p>\n<ol>\n<li>Bauabschnitt: <strong>2. bis 9. September<\/strong><br \/>\nOrtsausgang Leezen bis Gro\u00df Niendorf<\/li>\n<\/ol>\n<p><a href=\"https:\/\/www.fws-seth.de\/wp-content\/uploads\/2019\/08\/1.-Bauabschnitt.png\"><img loading=\"lazy\" decoding=\"async\" class=\"alignnone  wp-image-3966\" src=\"https:\/\/www.fws-seth.de\/wp-content\/uploads\/2019\/08\/1.-Bauabschnitt.png\" alt=\"\" width=\"624\" height=\"657\" srcset=\"https:\/\/www.fws-seth.de\/wp-content\/uploads\/2019\/08\/1.-Bauabschnitt.png 559w, https:\/\/www.fws-seth.de\/wp-content\/uploads\/2019\/08\/1.-Bauabschnitt-285x300.png 285w\" sizes=\"auto, (max-width: 624px) 100vw, 624px\" \/><\/a><\/p>\n<ol start=\"2\">\n<li>Bauabschnitt: <strong>10. bis 21. September<\/strong><br \/>\nGro\u00df Niendorf bis Abfahrt Seth (K86)<\/li>\n<\/ol>\n<p><a href=\"https:\/\/www.fws-seth.de\/wp-content\/uploads\/2019\/08\/2.-Bauabschnitt.png\"><img loading=\"lazy\" decoding=\"async\" class=\"alignnone size-full wp-image-3967\" src=\"https:\/\/www.fws-seth.de\/wp-content\/uploads\/2019\/08\/2.-Bauabschnitt.png\" alt=\"\" width=\"988\" height=\"746\" srcset=\"https:\/\/www.fws-seth.de\/wp-content\/uploads\/2019\/08\/2.-Bauabschnitt.png 988w, https:\/\/www.fws-seth.de\/wp-content\/uploads\/2019\/08\/2.-Bauabschnitt-300x227.png 300w, https:\/\/www.fws-seth.de\/wp-content\/uploads\/2019\/08\/2.-Bauabschnitt-768x580.png 768w, https:\/\/www.fws-seth.de\/wp-content\/uploads\/2019\/08\/2.-Bauabschnitt-624x471.png 624w\" sizes=\"auto, (max-width: 988px) 100vw, 988px\" \/><\/a><\/p>\n<p>&nbsp;<\/p>\n<p>Quelle: Medieninformation des Landesberieb Stra\u00dfenbau und Verkehr Schleswig-Holstein<\/p>\n","protected":false},"excerpt":{"rendered":"<p>Sanierung zwischen Leezen und Borstel Der Landesbetrieb Stra\u00dfenbau und Verkehr Schleswig-Holstein (LBV.SH) saniert vom 2. bis voraussichtlich 25. September 2019 die schadhafte Fahrbahn der B 432 zwischen Leezen und Borstel. Das Gute f\u00fcr Radfahrer*innen: Der parallel verlaufende Radweg wird ebenfalls erneuert. Die Sanierung kann aus Gr\u00fcnden der Verkehrssicherheit, des Arbeitsschutzes und der Bauqualit\u00e4t nur unter [&hellip;]<\/p>\n","protected":false},"author":67,"featured_media":0,"comment_status":"closed","ping_status":"open","sticky":false,"template":"","format":"standard","meta":{"footnotes":""},"categories":[1,4],"tags":[56,348],"class_list":["post-3965","post","type-post","status-publish","format-standard","hentry","category-allgemein","category-seth","tag-b432","tag-sperrung"],"_links":{"self":[{"href":"https:\/\/www.fws-seth.de\/index.php?rest_route=\/wp\/v2\/posts\/3965","targetHints":{"allow":["GET"]}}],"collection":[{"href":"https:\/\/www.fws-seth.de\/index.php?rest_route=\/wp\/v2\/posts"}],"about":[{"href":"https:\/\/www.fws-seth.de\/index.php?rest_route=\/wp\/v2\/types\/post"}],"author":[{"embeddable":true,"href":"https:\/\/www.fws-seth.de\/index.php?rest_route=\/wp\/v2\/users\/67"}],"replies":[{"embeddable":true,"href":"https:\/\/www.fws-seth.de\/index.php?rest_route=%2Fwp%2Fv2%2Fcomments&post=3965"}],"version-history":[{"count":1,"href":"https:\/\/www.fws-seth.de\/index.php?rest_route=\/wp\/v2\/posts\/3965\/revisions"}],"predecessor-version":[{"id":3968,"href":"https:\/\/www.fws-seth.de\/index.php?rest_route=\/wp\/v2\/posts\/3965\/revisions\/3968"}],"wp:attachment":[{"href":"https:\/\/www.fws-seth.de\/index.php?rest_route=%2Fwp%2Fv2%2Fmedia&parent=3965"}],"wp:term":[{"taxonomy":"category","embeddable":true,"href":"https:\/\/www.fws-seth.de\/index.php?rest_route=%2Fwp%2Fv2%2Fcategories&post=3965"},{"taxonomy":"post_tag","embeddable":true,"href":"https:\/\/www.fws-seth.de\/index.php?rest_route=%2Fwp%2Fv2%2Ftags&post=3965"}],"curies":[{"name":"wp","href":"https:\/\/api.w.org\/{rel}","templated":true}]}}